{"id":167,"date":"2025-11-02T20:47:08","date_gmt":"2025-11-02T20:47:08","guid":{"rendered":"https:\/\/www.indarsoziala.eus\/?p=167"},"modified":"2025-11-02T20:51:57","modified_gmt":"2025-11-02T20:51:57","slug":"tres-ejes-de-contradiccion-imperantes-a-nivel-global","status":"publish","type":"post","link":"https:\/\/www.indarsoziala.eus\/?p=167","title":{"rendered":"Tres ejes de contradicci\u00f3n imperantes a nivel global"},"content":{"rendered":"\n<p>El per\u00edodo hist\u00f3rico en el que nos corresponde vivir es la \u00e9poca en el que la sociedad global como serpiente cambia de piel. En el mundo se vienen sucediendo movimientos tect\u00f3nicos convulsos, porque en el umbral tenemos a una nueva formaci\u00f3n socio-econ\u00f3mica, los BRICS. Sin duda, lo que se viene sucediendo engloba varios de los acontecimientos m\u00e1s importantes de los \u00faltimos a\u00f1os y en cada acontecimiento grande hay m\u00faltiples contradicciones y una es la que adopta el papel dominante. En el sistema capitalista del mundo de hoy, la del Globalismo Imperial, existen tres contradicciones generales que hacen que la rueda de la acumulaci\u00f3n prosiga su pesado andar:<\/p>\n\n\n\n<p>1. La contradicci\u00f3n capital-trabajo.<\/p>\n\n\n\n<p>2. La contradicci\u00f3n pa\u00edses imperialistas- pa\u00edses y\/o naciones oprimidas.<\/p>\n\n\n\n<p>2. La contradicci\u00f3n entre potencias rivales.<\/p>\n\n\n\n<p>Como bien sabemos, la segunda hab\u00eda ocupado el lugar preponderante durante las \u00faltimas d\u00e9cadas, con el dominio imperialista estadounidense haciendo y deshaciendo a su gusto y sin ning\u00fan rival que pudiese hacerle frente de manera clara. Sin embargo, parece que dicho estado general est\u00e1 vi\u00e9ndose modificado. As\u00ed pues, la idea que merece ser destacada, m\u00e1s all\u00e1 de hechos puntuales, es la de que la contradicci\u00f3n principal, que act\u00faa como motor del sistema capitalista, est\u00e1 pasando a ser la relativa al conflicto inter-potencias, es decir, que las tensiones subyacentes y siempre existentes entre las grandes potencias, tanto regionales como globales, comienzan a hacerse cada vez m\u00e1s visibles, con la posible formaci\u00f3n de un bloque econ\u00f3mico alternativo, los denominados BRICS. Esto supone que en t\u00e9rminos generales, y en aras de conseguir una comprensi\u00f3n general de lo que est\u00e1 sucediendo podemos resumir diciendo que se observan tres escenarios interconectados entre s\u00ed, y que muestran c\u00f3mo ese dominio estadounidense que hab\u00eda imperado durante las \u00faltimas d\u00e9cadas, basado en la explotaci\u00f3n y subordinaci\u00f3n de los pa\u00edses y naciones oprimidas, est\u00e1 poco a poco despedaz\u00e1ndose debido a la aparici\u00f3n de los BRICS. Estos tres escenarios son:<\/p>\n\n\n\n<p>1. El primero, en cuanto a la cercan\u00eda respecto a las tierras en las que nos hallamos es el de Ucrania, donde los estadounidense y la UE con la OTAN como brazo armado, intenta acorralar al oso ruso, quien se encuentra a la defensiva, evitando ser fragmentada e intentando recuperar su espacio en el tablero internacional tras la implosi\u00f3n sovi\u00e9tica.<\/p>\n\n\n\n<p>2. El segundo de los escenarios nos lleva al este, a Oriente Medio, donde el bloque formado por Israel-Arabia Saud\u00ed-USA est\u00e1 en litigio contra otro grupo, el Eje de la Resistencia de la regi\u00f3n liderado por Ir\u00e1n. El imperialismo ha ido balcanizando grandes extensiones territoriales que otrora parec\u00edan tener seguro un lugar bajo el sol y en estos momentos el Holocausto palestino es la manifestaci\u00f3n m\u00e1s cruda de lo que significa el dominio imperialista en esta zona.<\/p>\n\n\n\n<p>3. Y por \u00faltimo, pero no menos importante, tenemos el teatro del Pac\u00edfico, que a pesar de que las aguas est\u00e1n algo m\u00e1s tranquilas parece claro que es donde el imperialismo estadounidense procurar\u00e1 desestabilizar al drag\u00f3n chino, potencia dominante en ciernes y posiblemente nueva locomotora de la econom\u00eda mundial.<\/p>\n\n\n\n<p>Para los que niegan la posibilidad de una nueva confrontaci\u00f3n mundial entre potencias, vale la pena detenerse un instante en la idea bastante extendida entre la poblaci\u00f3n de que por las enormes interrelaciones econ\u00f3micas actuales existentes en t\u00e9rminos globales, hacen del todo imposible una deflagraci\u00f3n de dimensiones pavorosas. Debemos recordar aqu\u00ed que un similar esp\u00edritu anidaba en las conciencias de la \u00e9poca en v\u00edsperas de la Primera Guerra Mundial (1914). Por aquellos tiempos, el libro \u201cLa gran ilusi\u00f3n\u201d, publicado en 1910 por Norman Angell, enarbolaba su optimismo respecto a las relaciones inter-imperialistas del momento. Un vizconde ingl\u00e9s llamado Esher, tras leer dicha obra, lleg\u00f3 a razonar frente a la alta comandancia brit\u00e1nica que los crecientes nexos econ\u00f3micos hac\u00edan que la guerra fuera m\u00e1s dif\u00edcil e improbable cada d\u00eda que pasase. Por todos es sabido cu\u00e1les fueron los acontecimientos que tuvieron lugar tan s\u00f3lo cuatro a\u00f1os m\u00e1s tarde, echando por tierra esa \u201cgran ilusi\u00f3n\u201d, por lo que intentar seguir razonando sobre la imposibilidad de un conflicto de grandes proporciones en base a la creciente interdependencia econ\u00f3mica mundial no puede suponer m\u00e1s que un brindis al sol, una especulaci\u00f3n construida sobre deseos y no sobre hechos reales. La historia ya nos ha mostrado suficientes pruebas acerca de c\u00f3mo opera el imperialismo.<\/p>\n\n\n\n<p><strong>Una reflexi\u00f3n final<\/strong><\/p>\n\n\n\n<p>Sabemos cu\u00e1l es la situaci\u00f3n geoestrat\u00e9gica de nuestro Pa\u00eds. Desgraciadamente, la ret\u00f3rica humanitarista, como pieza clave de la maquinaria ideol\u00f3gica imperialista, ha penetrado profundamente en la izquierda actual y es usada con profusi\u00f3n y tanto vale para justificar una posici\u00f3n pol\u00edtica como la contraria. Y es que ese discurso que nos apremia a la toma de posici\u00f3n, desde el sentimentalismo y una abstracta y bastante selectiva indignaci\u00f3n moral, no es m\u00e1s que una forma de mantenernos eternamente a remolque de las coyunturas, siempre urgentes, evitando la toma de una perspectiva necesaria para acometer la transformaci\u00f3n consciente de la misma en cualquier situaci\u00f3n.<\/p>\n","protected":false},"excerpt":{"rendered":"<p>El per\u00edodo hist\u00f3rico en el que nos corresponde vivir es la \u00e9poca en el que la sociedad global como serpiente cambia de piel. En el mundo se vienen sucediendo movimientos [&hellip;]<\/p>\n","protected":false},"author":1,"featured_media":0,"comment_status":"closed","ping_status":"closed","sticky":false,"template":"","format":"standard","meta":{"footnotes":""},"categories":[35],"tags":[],"class_list":["post-167","post","type-post","status-publish","format-standard","hentry","category-internazionala-es"],"_links":{"self":[{"href":"https:\/\/www.indarsoziala.eus\/index.php?rest_route=\/wp\/v2\/posts\/167","targetHints":{"allow":["GET"]}}],"collection":[{"href":"https:\/\/www.indarsoziala.eus\/index.php?rest_route=\/wp\/v2\/posts"}],"about":[{"href":"https:\/\/www.indarsoziala.eus\/index.php?rest_route=\/wp\/v2\/types\/post"}],"author":[{"embeddable":true,"href":"https:\/\/www.indarsoziala.eus\/index.php?rest_route=\/wp\/v2\/users\/1"}],"replies":[{"embeddable":true,"href":"https:\/\/www.indarsoziala.eus\/index.php?rest_route=%2Fwp%2Fv2%2Fcomments&post=167"}],"version-history":[{"count":1,"href":"https:\/\/www.indarsoziala.eus\/index.php?rest_route=\/wp\/v2\/posts\/167\/revisions"}],"predecessor-version":[{"id":168,"href":"https:\/\/www.indarsoziala.eus\/index.php?rest_route=\/wp\/v2\/posts\/167\/revisions\/168"}],"wp:attachment":[{"href":"https:\/\/www.indarsoziala.eus\/index.php?rest_route=%2Fwp%2Fv2%2Fmedia&parent=167"}],"wp:term":[{"taxonomy":"category","embeddable":true,"href":"https:\/\/www.indarsoziala.eus\/index.php?rest_route=%2Fwp%2Fv2%2Fcategories&post=167"},{"taxonomy":"post_tag","embeddable":true,"href":"https:\/\/www.indarsoziala.eus\/index.php?rest_route=%2Fwp%2Fv2%2Ftags&post=167"}],"curies":[{"name":"wp","href":"https:\/\/api.w.org\/{rel}","templated":true}]}}