{"id":169,"date":"2025-11-02T20:57:30","date_gmt":"2025-11-02T20:57:30","guid":{"rendered":"https:\/\/www.indarsoziala.eus\/?p=169"},"modified":"2025-11-02T20:57:55","modified_gmt":"2025-11-02T20:57:55","slug":"linea-general","status":"publish","type":"post","link":"https:\/\/www.indarsoziala.eus\/?p=169","title":{"rendered":"L\u00ednea General"},"content":{"rendered":"\n<p>Nadie quiere pensar a largo plazo. Hay una incertidumbre generalizada en todos los \u00e1mbitos de la sociedad. Nadie cree sinceramente en la posibilidad pr\u00e1ctica de un ideario emancipatorio, el excepticismo y la incredulidad domina la escena. Toda esta desesperanza es una sarc\u00e1stica iron\u00eda porque en ning\u00fan otro tiempo como el presente las mujeres y los hombres necesitaron creer tanto en algo m\u00e1s all\u00e1 de su mundo rutinario que se mueve en numerosas contradicciones diarias, contradicciones entre quienes crean y reinventan, entre nuestras ra\u00edces y el movimiento, entre las identidades individuales y nuestra comunidad, entre la diversidad y nuestro territorio. Si hay un t\u00e9rmino que define nuestro presente es el de <strong>confusi\u00f3n.<\/strong><\/p>\n\n\n\n<p>Y ante tanta confusi\u00f3n c\u00f3mo poner orden a nuestros pensamientos\u2026 B\u00e1sicamente conociendo a qu\u00e9 fuerzas nos enfrentamos en nuestro solar patrio, qu\u00e9 fuerzas intentan disimular la verdad del enfrentamiento que se desarroll\u00f3 y se sigue desarrollando ahora mismo entre los estados hispano-franceses y nuestro viejo pueblo, entre las corporaciones y organizaciones empresariales y nuestra clase trabajadora. Estas tres son las fuerzas las que nos referimos:<\/p>\n\n\n\n<p>1. El desarrollo del <strong>modelo socio-econ\u00f3mico capitalista<\/strong> en su doble aspecto, esto es, al interior de nuestras fronteras y al exterior, fuera de nuestro propio territorio.<\/p>\n\n\n\n<p>2. Las <strong>estructuras militares y jur\u00eddicas, <\/strong>a veces de manera aut\u00f3noma pero en otras definidas y consagradas por las distintas legislaciones tanto francesas como espa\u00f1olas, empe\u00f1adas en construir la centralidad espa\u00f1olista y el afrancesamiento jacobino por medio de la represi\u00f3n y conculcaci\u00f3n de derechos tanto individuales como colectivos.<\/p>\n\n\n\n<p>3. La <strong>lucha de clases<\/strong> entre vasco-navarros, es decir, el choque entre proyectos nacionales y sociales antag\u00f3nicos.<\/p>\n\n\n\n<p>Hist\u00f3ricamente las tres claves citadas responden a dos intereses enfrentados en t\u00e9rminos <strong>globales<\/strong> y de los que nadie se puede escapar. Son en esencia las l\u00edneas maestras hist\u00f3ricas de la contradicci\u00f3n a nivel mundial entre el capital y las clases trabajadoras, esto es:<\/p>\n\n\n\n<p>1. De un lado, el conjunto de <strong>fuerzas corporativas y olig\u00e1rquicas<\/strong>, con su bloque social y humano de apoyo y los Estados como instrumentos que ejercen su poder.<\/p>\n\n\n\n<p>2. De otro, el conjunto <strong>de fuerzas nacionales, sociales y populares<\/strong> que luchan por su emancipaci\u00f3n.<\/p>\n\n\n\n<p>La sociedad actual es el resultado de la evoluci\u00f3n de las convulsiones padecidas a lo largo de todos estos a\u00f1os en donde las tres fuerzas mencionadas han estado interactuado de manera constante. La grave situaci\u00f3n ha colocado a los trabajadores y trabajadoras de hoy en d\u00eda en la necesidad de repensar desde un <strong>plano general<\/strong> c\u00f3mo se concreta el desarrollo y la profundizaci\u00f3n del proceso que tenemos que llevar a cabo para alcanzar nuestros objetivos, las fases por las que este mismo proceso debe transitar, as\u00ed como de sus requisitos y herramientas para resolver las problem\u00e1ticas que cada uno de esos tramos plantea. Por lo tanto y en este sentido, nuestra <strong>L\u00ednea General<\/strong> debe sostenerse en el tiempo con una cohesi\u00f3n y coherencia que b\u00e1sicamente consiste en derrotar el esp\u00edritu que domina esta \u00e9poca, el esp\u00edritu de la reacci\u00f3n corporativa y olig\u00e1rquica que nos atenaza la conciencia. As\u00ed nuestra L\u00ednea General se sostiene en tres ejes \u00edntimamente relacionados:<\/p>\n\n\n\n<p>1. El eje Lucha ideol\u00f3gica- Pol\u00edtica de la Cancelaci\u00f3n<\/p>\n\n\n\n<p>2. El eje Soberan\u00eda- Clase trabajadora<\/p>\n\n\n\n<p>3. El eje Organizativo-L\u00ednea General y Pol\u00edtica<\/p>\n\n\n\n<p><strong>1. Lucha ideol\u00f3gica- Pol\u00edtica de la Cancelaci\u00f3n<\/strong><\/p>\n\n\n\n<p>Hoy la lucha ideol\u00f3gica, la batalla de las ideas, el enfrentamiento al diversionismo ideol\u00f3gico o como en general o en cada caso sea pertinente llamarla, no solo es vital, sino que es m\u00e1s importante que nunca. Los da\u00f1os realizados por el Globalismo Imperial son graves y est\u00e1n hechos, y hasta cabr\u00eda preguntarse c\u00f3mo es posible que no hayan sido mayores tras la imposici\u00f3n de la Pol\u00edtica de la \u201ccancelaci\u00f3n\u201d. La respuesta la da precisamente la herencia de <strong>Comunidad <\/strong>que nos ha dejado nuestro pasado de lucha. Sin embargo y aunque la <strong>conciencia de Comunidad<\/strong> sigue germinando en la mayor\u00eda de la clase trabajadora, no perdur\u00e1 si la olvidamos pues las experiencias de las nuevas generaciones no son id\u00e9nticas a las nuestras y mucho menos est\u00e1ticas.<\/p>\n\n\n\n<p><strong>2. Soberan\u00eda nacional-Clase Trabajadora<\/strong><\/p>\n\n\n\n<p>Los y las patriotas vasco-navarras debemos incidir,en la medida de nuestras posibilidades, en todos los eventos de la vida econ\u00f3mica y socio-pol\u00edtica desde una perspectiva de clase. Mencionar repetidamente nuestra pertenencia a la clase trabajadora no es un antojo ni un hecho arbitrario. Son las clases asalariadas, las mayoritarias en nuestro pa\u00eds, las que con su voluntad de combate han sostenido y sufrido el peso y la represi\u00f3n m\u00e1s dura en la lucha por la supervivencia de nuestro pueblo. <strong>Es la clase trabajadora la que ha heredado la contradicci\u00f3n nacional como genuinamente propia, all\u00ed donde precisamente las burgues\u00edas regionalistas del pasado no fueron capaces o no quisieron solucionarla.<\/strong> En cada acontecimiento grande hay m\u00faltiples contradicciones y una es la que adopta el papel dominante. Venimos a confirmar que la lucha por la Restituci\u00f3n de nuestra soberan\u00eda es la manifestaci\u00f3n <strong>m\u00e1s evidente <\/strong>de que nuestros planteamientos son antag\u00f3nicos tanto contra el Estado franc\u00e9s y sus fuerzas pol\u00edticas jacobinas como contra el Estado espa\u00f1ol y sus grupos regionalistas de apoyo. Sostenemos con firmeza por ello que nuestra lucha es una lucha \u00abde y para\u00bb la <strong>Ruptura <\/strong>del marco establecido y por tanto contra el Globalismo Imperial.<strong> Nuestra<\/strong> <strong>Soberan\u00eda <\/strong>es una cuesti\u00f3n que sigue sobre el tapete de la historia y no existe un s\u00f3lo movimiento o partido actual efectivo que pueda hacerlo realidad de forma completamente antag\u00f3nica a las fuerzas regionalistas vascongada y navarrista y al capital globalizado, es decir, frontalmente contra ellos.<\/p>\n\n\n\n<p>Respecto a la lucha por la emancipaci\u00f3n de nuestra clase seremos sinceros y realistas, a\u00fan queda todo por hacer. La incidencia real de la clase trabajadora actual est\u00e1 lejos de poder cambiar el desarrollo de los acontecimientos de la gran pol\u00edtica, de la lucha de clases a escala social y de masas. En todo caso, cabe la posibilidad real de que la clase trabajadora pueda bascular hacia la extrema derecha ante la falta de alternativas. Por lo tanto, aqu\u00ed no hay abstracciones ni vac\u00edas declaraciones de principios que valgan: no hay condiciones que \u00abde momento\u00bb, posibiliten la emancipaci\u00f3n de la clase trabajadora y mucho menos sin soberan\u00eda nacional aunque si existen espacios para la contenci\u00f3n del neoliberalismo en la medida de nuestras posibilidades.<\/p>\n\n\n\n<p>En las condiciones actuales y en t\u00e9rminos generales como resultado del final del Ciclo revolucionario de Octubre estamos obligados a reconsiderar los requisitos de re-composici\u00f3n de la clase trabajadora tanto desde un punto de vista estrat\u00e9gico como en el aqu\u00ed y ahora. Ya no es suficiente con rememorar o incluso recuperar el viejo discurso, ese binomio sostenido en independencia y socialismo ante el cual el reformismo ha demostrado su superioridad y el capital globalista su inmunidad.<\/p>\n\n\n\n<p><strong>3. <\/strong><strong>Organizaci\u00f3n-L\u00ednea General y Pol\u00edtica<\/strong><\/p>\n\n\n\n<p>Tenemos claro que un <em><strong>proyecto a futuro no surge, se construye.<\/strong><\/em> Debemos abordar la creaci\u00f3n de una fuerza que sea capaz de hacer incidencia en la realidad que vivimos para que \u00e9sta pueda ser transformada en beneficio de nuestros intereses como pueblo y como clase. Es por ello que la construcci\u00f3n y desarrollo ideol\u00f3gico y organizativo est\u00e1 en principio dise\u00f1ada en tres fases, eslabones de una cadena que permite su asimilaci\u00f3n a trav\u00e9s de c\u00edrculos conc\u00e9ntricos a cada vez m\u00e1s contenidos y cuyos radios de acci\u00f3n van incluyendo paulatinamente a sectores sociales m\u00e1s extensos. As\u00ed, la aplicaci\u00f3n de un plan de tareas l\u00f3gico ser\u00eda el siguiente, simplificando mucho:<\/p>\n\n\n\n<p><strong>1\u00aa Etapa.<\/strong> Potenciar la batalla ideol\u00f3gica as\u00ed como discusi\u00f3n y aceptaci\u00f3n de una <strong>L\u00ednea General<\/strong>. En t\u00e9rminos org\u00e1nicos las tareas son fundamentalmente de <strong>an\u00e1lisis<\/strong> y <strong>propagand\u00edsticas<\/strong> (difusi\u00f3n del proyecto lo m\u00e1ximo posible). Toda esta labor deber\u00e1 ir cristalizando en la articulaci\u00f3n de una direcci\u00f3n, aparatos y en la generaci\u00f3n de una Asamblada incipiente de IS. En suma, se ir\u00e1 materializando un incipiente movimiento pre-partidario cuyo objetivo ser\u00e1 la legalizaci\u00f3n.<\/p>\n\n\n\n<p>Cuando el progreso en el cumplimiento de las tareas dadas y la construcci\u00f3n de IS sea valorado como suficiente, podr\u00e1 iniciarse el paso a la siguiente etapa. Las cosas se pueden acelerar o atrasar en funci\u00f3n de los compromisos que la gente vaya adquiriendo.<\/p>\n\n\n\n<p><strong>2\u00aa Etapa.<\/strong> En t\u00e9rminos ideol\u00f3gicos se trata de la aplicaci\u00f3n de <strong>La L\u00ednea General<\/strong> a las condiciones concretas en Euskal Herria, es decir, transformar La L\u00ednea General en <strong>L\u00ednea Pol\u00edtica. <\/strong>La l\u00ednea pol\u00edtica debe entrar a problemas y contradicciones cada vez m\u00e1s <em>cercanas a los trabajadores y trabajadoras<\/em><em>.<\/em> Las cuestiones relacionadas con la transformaci\u00f3n social reclaman el inter\u00e9s de un sector cada vez m\u00e1s amplio de nuestra sociedad. Es momento tambi\u00e9n de iniciar el contacto con lo que podemos denominar <em><strong>Vanguardia pr\u00e1ctica,<\/strong><\/em><em>es decir<\/em><em>,<\/em> con la parte de <strong>esa gente que est\u00e1 involucrada en los problemas sociales<\/strong> y en la organizaci\u00f3n de la lucha de resistencias socio-econ\u00f3micas y pol\u00edticas (conciencia de clase <em>\u00ab<\/em><em>en s\u00ed\u00bb<\/em>). Y aunque las tareas fundamentales siguen siendo anal\u00edticas y propagand\u00edsticas se debe iniciar la generaci\u00f3n de organismos propios.<\/p>\n\n\n\n<p><strong>3\u00aa Etapa. <\/strong>Comienza la traducci\u00f3n de la <strong>L\u00ednea Pol\u00edtica<\/strong> en <strong>Programa<\/strong>. Es el \u00faltimo paso de la traslaci\u00f3n de la L\u00ednea General y Pol\u00edtica hacia propuestas de acci\u00f3n. Las contradicciones sociales de la formaci\u00f3n vasco-navarra se manifiestan en reivindicaciones en funci\u00f3n de los problemas concretos que esas contradicciones producen. <em>L<\/em>a que hemos denominado como<strong> Vanguardia pr\u00e1ctica<\/strong> debe generar organismos en los distintos Frentes y fracciones sociales que faciliten la vinculaci\u00f3n pol\u00edtica de IS con el establecimiento de las bases que permitan la extensi\u00f3n e influencia para culminar el proyecto.<\/p>\n","protected":false},"excerpt":{"rendered":"<p>Nadie quiere pensar a largo plazo. Hay una incertidumbre generalizada en todos los \u00e1mbitos de la sociedad. Nadie cree sinceramente en la posibilidad pr\u00e1ctica de un ideario emancipatorio, el excepticismo [&hellip;]<\/p>\n","protected":false},"author":1,"featured_media":0,"comment_status":"closed","ping_status":"closed","sticky":false,"template":"","format":"standard","meta":{"footnotes":""},"categories":[55],"tags":[],"class_list":["post-169","post","type-post","status-publish","format-standard","hentry","category-linea-general"],"_links":{"self":[{"href":"https:\/\/www.indarsoziala.eus\/index.php?rest_route=\/wp\/v2\/posts\/169","targetHints":{"allow":["GET"]}}],"collection":[{"href":"https:\/\/www.indarsoziala.eus\/index.php?rest_route=\/wp\/v2\/posts"}],"about":[{"href":"https:\/\/www.indarsoziala.eus\/index.php?rest_route=\/wp\/v2\/types\/post"}],"author":[{"embeddable":true,"href":"https:\/\/www.indarsoziala.eus\/index.php?rest_route=\/wp\/v2\/users\/1"}],"replies":[{"embeddable":true,"href":"https:\/\/www.indarsoziala.eus\/index.php?rest_route=%2Fwp%2Fv2%2Fcomments&post=169"}],"version-history":[{"count":1,"href":"https:\/\/www.indarsoziala.eus\/index.php?rest_route=\/wp\/v2\/posts\/169\/revisions"}],"predecessor-version":[{"id":170,"href":"https:\/\/www.indarsoziala.eus\/index.php?rest_route=\/wp\/v2\/posts\/169\/revisions\/170"}],"wp:attachment":[{"href":"https:\/\/www.indarsoziala.eus\/index.php?rest_route=%2Fwp%2Fv2%2Fmedia&parent=169"}],"wp:term":[{"taxonomy":"category","embeddable":true,"href":"https:\/\/www.indarsoziala.eus\/index.php?rest_route=%2Fwp%2Fv2%2Fcategories&post=169"},{"taxonomy":"post_tag","embeddable":true,"href":"https:\/\/www.indarsoziala.eus\/index.php?rest_route=%2Fwp%2Fv2%2Ftags&post=169"}],"curies":[{"name":"wp","href":"https:\/\/api.w.org\/{rel}","templated":true}]}}