{"id":200,"date":"2025-11-24T19:32:54","date_gmt":"2025-11-24T19:32:54","guid":{"rendered":"https:\/\/www.indarsoziala.eus\/?p=200"},"modified":"2025-11-24T20:52:29","modified_gmt":"2025-11-24T20:52:29","slug":"hacia-un-mundo-multipolar-sin-soberania","status":"publish","type":"post","link":"https:\/\/www.indarsoziala.eus\/?p=200","title":{"rendered":"Hacia un mundo multipolar\u2026 \u00bfSin soberan\u00eda?"},"content":{"rendered":"\n<p>No cabe duda de que uno de los acontecimientos mas grandes del siglo XX fue la revoluci\u00f3n bolchevique, por las connotaciones pol\u00edticas, ideol\u00f3gicas, sociales y emancipatorias que trajo para la clase obrera, tanto nacional rusa como internacional, y el modo que marc\u00f3 la manera de luchar y de querer cambiar el mundo para todos los trabajadores del mundo. El ciclo de Octubre, que termin\u00f3 en 1991, en los albores del cierre del propio siglo XX por razones muy extensas que no son el objeto de este art\u00edculo tuvo muchas consecuencias negativas, tambi\u00e9n muy largas de analizar de las cuales nos queremos centrar en unos aspectos en concreto. Durante toda la guerra fr\u00eda, los dos sistemas econ\u00f3micos, pol\u00edticos e ideol\u00f3gicos que resultaron vencedores tras la derrota del nazi fascismo en la II Guerra Mundial (el liberalismo y el socialismo) compitieron a nivel global por establecer su hegemon\u00eda ideol\u00f3gica, entre otras a trav\u00e9s de la lucha de clases y esto se tradujo de la mano del socialismo en lucha emancipatoria y soberanista para los pueblos del mundo que quer\u00edan librarse del imperialismo occidental.<\/p>\n\n\n\n<p>El final del ciclo de Octubre con el acto m\u00e1s que simb\u00f3lico de la ca\u00edda del muro de Berl\u00edn supuso un duro golpe para todo el campo ideol\u00f3gico socialista, suponiendo esto de facto el final de su capacidad hegem\u00f3nica a nivel global, tanto en los pa\u00edses donde se hab\u00edan establecido procesos socialistas como en los pa\u00edses imperialistas y occidentales donde la clase obrera buscaba su emancipaci\u00f3n.<\/p>\n\n\n\n<p>Ahora el liberalismo se hab\u00eda constituido como potencia ideol\u00f3gica hegem\u00f3nica a nivel global, sin pr\u00e1cticamente oposici\u00f3n, en especial tras la ofensiva neoliberal previa a la ca\u00edda del muro de Berl\u00edn que estaba destruyendo los \u00faltimos reductos de confrontaci\u00f3n obrera en pa\u00edses con democracias liberales burguesas (ofensiva neoliberal, primero ensayada en Chile, posteriormente llevada a cabo en uno de los pa\u00edses con mayor poder sindical, Gran Breta\u00f1a).<\/p>\n\n\n\n<p>El alcance y la el nivel de esta ofensiva fue de tal magnitud que llev\u00f3 a convencer a la clase obrera que ya no se trataba de lucha de clases, sino que el individuo era el que cosechaba su propio \u00e9xito, hab\u00eda triunfado el germen del individualismo, el liberalismo se establec\u00eda como la ideolog\u00eda de la superestructura.<\/p>\n\n\n\n<p>\u00bfA d\u00f3nde queremos llegar con esto?<\/p>\n\n\n\n<p>Cost\u00f3 mucho reponerse del cierre del ciclo de Octubre al quedar un <strong>\u00fanico polo global <\/strong>, el capitalismo neoliberal inund\u00f3 todo, en especial se ceb\u00f3 con los pa\u00edses que hab\u00edan conformado el campo socialista, despoj\u00e1ndoles de su industria, su capacidad econ\u00f3mica, su fuerza de trabajo, moviendo y extrayendo su mano de obra cualificada con el doble fin de aumentar su plusval\u00eda explot\u00e1ndoles en los pa\u00edses capitalistas a la vez que los usaba para degradar las condiciones materiales de la clase obrera en dichos pa\u00edses. Hab\u00eda llegado la globalizaci\u00f3n.<\/p>\n\n\n\n<p>Los movimientos de izquierdas antiglobalizaci\u00f3n lo entendieron y se opusieron frontalmente a esto, todos recordamos al m\u00e1rtir Carlo Giuliani, asesinado a disparos de manera infame en G\u00e9nova en 2001 por&nbsp; participar en las manifestaciones masivas contra la globalizaci\u00f3n.<\/p>\n\n\n\n<p>La globalizaci\u00f3n supuso la extensi\u00f3n del modo de explotaci\u00f3n neoliberal junto con toda su superestructura ideol\u00f3gica a todo el globo terr\u00e1queo. Esto fue acompa\u00f1ado de varias campa\u00f1as militares a nivel global, a modo de destrucci\u00f3n de estados leg\u00edtimos ( Intervenci\u00f3n de la OTAN en Yugoslavia) ; la llamada <strong>guerra contra el terror <\/strong>perpetrada por USA y sus aliados, las primaveras \u00e1rabes\u2026 fueron la prueba de que con la ca\u00edda del bloque socialista y la hegemon\u00eda liberal a nivel global ning\u00fan bloque pod\u00eda hacer frente a Estados Unidos y sus aliados europeos.<\/p>\n\n\n\n<p>Se hab\u00eda establecido el unipolarismo sin apenas oposici\u00f3n, en el que paulatinamente los estados naci\u00f3n iban perdiendo su soberan\u00eda y su capacidad de tomar decisiones en aras de las grandes corporaciones que iban extendiendo su poder sociopol\u00edtico a trav\u00e9s de la globalizaci\u00f3n. Estaba comenzando la crisis de los estados naci\u00f3n. El reparto internacional del trabajo trajo consigo la deslocalizaci\u00f3n de las empresas y los polos industriales en los lugares que dicha industrializaci\u00f3n hab\u00eda logrado generar condiciones de vida dignas para la clase obrera a trav\u00e9s de no pocos conflicos de clase, y gener\u00f3 el desarrollo de nuevos polos industriales, que generaron nuevos polos de desarrollo y de poder\u2026 empez\u00f3 a surgir y cobrar poder el modelo chino, que posteriormente avanzar\u00eda a convertirse en uno de los contrapesos a la hegemon\u00eda global estadounidense, cuestionando el modelo neoliberal hegem\u00f3nico con su modelo de desarrollo de socialismo de mercado de caracter\u00edsticas chinas.<\/p>\n\n\n\n<p>Rusia entendi\u00f3 que pese a haber abrazado los valores del liberalismo con el infame y degenerado Yeltsin, la OTAN cada vez estaba expandi\u00e9ndose hacia sus fronteras y extendiendo conflictos militares a trav\u00e9s de guerras proxys en pa\u00edses que eran sus aliados globales (Libia\u2026Siria\u2026), el giro pol\u00edtico, social y econ\u00f3mico fue una necesidad imperiosa para el nuevo presidente de la Federaci\u00f3n Rusa, Vladimir Putin. Su guerra interna contra los oligarcas surgidos del desmantelamiento del sistema sovi\u00e9tico supuso un cambio de paradigma de modelo tanto de estado a nivel interno como a nivel geopol\u00edtico. Comenzaba a surgir otro polo en lid contra la hegemon\u00eda liberal global.<\/p>\n\n\n\n<p>\u00bfPor qu\u00e9 recalco liberal? Porque el liberalismo se extend\u00eda no solo exportando un modelo econ\u00f3mico, sino cultural, empleando cada vez m\u00e1s la homogeneizaci\u00f3n y la uniformizaci\u00f3n a nivel global del individuo l\u00edquido, sin arraigo. Desmantelaci\u00f3n de las tradiciones culturales, sociales, identitarias, para convertir al individuo en un ser aislado de su clase, de su familia, de su patria, incluso de <em>su sexo<\/em>&nbsp; para ser f\u00e1cilmente manipulable y extrapolable y homogeneizable a los intereses del nuevo <em>globalismo, <\/em>la forma que hab\u00eda tomado la globalizaci\u00f3n para afrontar el conflicto multipolar que estaba surgiendo. Un nuevo supremacismo racista hab\u00eda surgido: nuestro sistema es mejor porque garantizamos los derechos de las minor\u00edas, porque defendemos al 0.3% de la sociedad frente a tu <em>fobia<\/em>.<\/p>\n\n\n\n<p>Te puedo poner sanciones porque no respetas los derechos de tal o cual minor\u00eda, bloqueos, arruinar tu econom\u00eda si no aceptas mis valores, si no destinas tu presupuesto a lo que yo dictamino desde mi superioridad moral.<\/p>\n\n\n\n<p>Esto se agudiza desde 2014 con la revoluci\u00f3n de colores en Ucrania y la entrada primero velada de la OTAN en el conflicto con las rep\u00fablicas separatistas de Donetsk y Lugansk y posteriormente con el estallido del conflicto a mayor escala con la entrada de Rusia de manera directa en Ucrania y la mayor implicaci\u00f3n de los pa\u00edses de la OTAN en dicha guerra proxy, suministrando armas, dinero y entrenamiento (as\u00ed como mercenarios) al bando ucraniano.<\/p>\n\n\n\n<p>Europa recibe los golpes terroristas del&nbsp; sabotaje del Nord Stream-2 y el auto sabotaje de sus \u00e9lites con las sanciones a Rusia, siguiendo los dictados que les marca el hegem\u00f3n estadounidense. \u00bfQu\u00e9 supone esto para la soberan\u00eda europea? La p\u00e9rdida total de su cuestionable soberan\u00eda previa a manos de USA, con la consiguiente degradaci\u00f3n y merma de derechos sociales, libertades y condiciones de vida de los trabajadores europeos.<\/p>\n\n\n\n<p>Mientras que en los pa\u00edses emergentes se configuran nuevas alianzas surgidas de este momento hist\u00f3rico convulso, se empieza a configurar el BRICS, estableciendo nuevos modelos de negocio y comercio a nivel mundial, la vieja Europa y sus estados naci\u00f3n empiezan a verse apartados de este mundo en el que la partida se juega en su terreno pero sin seguir sus reglas, meros peones en manos del que est\u00e1 obteniendo beneficio de su ruina: Estados Unidos y el mundo anglosaj\u00f3n.<\/p>\n\n\n\n<p>Mientras hacen la jugada, la superestructura liberal instala falsas luchas identitarias en el centro del debate pol\u00edtico, en gran medida para arrinconar a las disidencias internas y externas, y el apoyo al BRICS, bajo la premisa de que lo importante para la sociedad es el inter\u00e9s de una minor\u00eda transgenerista, la necesidad de pasar por hormonaci\u00f3n a tempranas edades, los pronombres sentidos, y la superioridad moral de occidente frente a los pa\u00edses del BRICS que se oponen a esto.<\/p>\n\n\n\n<p>De este modo las luchas identitarias se convierten en un elemento mas para erosionar y bloquear la disidencia y la soberan\u00eda de las sociedades occidentales y a su vez presionar a los pa\u00edses que dentro de este campo puedan apoyar al BRICS (si no aceptas tal o cual derecho minoritario te sancionamos).<\/p>\n\n\n\n<p>El objeto de esta exposici\u00f3n es generar el debate en torno a de que modo este giro en torno al multipolarismo y la crisis de los estados naci\u00f3n modernos afecta a peque\u00f1as naciones sin estado ni soberan\u00eda como es nuestra naci\u00f3n vasca (Euskal Herria) y de que modo la restituci\u00f3n de la Soberan\u00eda Navarra son necesarias para poder hacer frente a esta nueva etapa, en la que nos vemos de manos y pies atados frente a un mundo en el que no tenemos capacidad de relacionarnos de igual a igual, y estamos sujetos a los vaivenes y decisiones geopol\u00edticas que nos imponen desde Bruselas, Madrid, Paris o Lakua, y lo que es m\u00e1s grave, desde instituciones supranacionales que nadie ha elegido pero est\u00e1n hiriendo de muerte la supervivencia de nuestro pueblo con la imposici\u00f3n de su agenda transhumanista y destructora de todas las estructuras tradicionales que con el tiempo hemos conseguido que a duras penas perduren en los restos y las ruinas de nuestro solar navarro.<\/p>\n\n\n\n<p>Por eso, \u00bfCu\u00e1l ser\u00e1 nuestra posici\u00f3n como vascos en el nuevo orden multipolar que se est\u00e1 estableciendo? \u00bfPodemos afrontar ser un actor soberano en el nuevo orden mundial que se est\u00e1 gestando o estamos condenados a la desaparici\u00f3n en la vor\u00e1gine globalista? Eso es algo que los propios vascos debemos decidir y establecer. Nosotros apostamos por rescatar el concepto de restituci\u00f3n de la Soberania Nabarra como medio para enfrentar este futuro de incertidumbre y caos que se nos presenta, sin soberan\u00eda no tenemos capacidad de establecer nuestros paradigmas y nuestra supervivencia econ\u00f3mica, y sin supervivencia econ\u00f3mica, nuestra supervivencia como pueblo lamentablemente pensamos que est\u00e1 totalmente condenada.<br><br>Autor B.S.G.<\/p>\n","protected":false},"excerpt":{"rendered":"<p>No cabe duda de que uno de los acontecimientos mas grandes del siglo XX fue la revoluci\u00f3n bolchevique, por las connotaciones pol\u00edticas, ideol\u00f3gicas, sociales y emancipatorias que trajo para la [&hellip;]<\/p>\n","protected":false},"author":1,"featured_media":0,"comment_status":"closed","ping_status":"closed","sticky":false,"template":"","format":"standard","meta":{"footnotes":""},"categories":[42],"tags":[],"class_list":["post-200","post","type-post","status-publish","format-standard","hentry","category-opinion"],"_links":{"self":[{"href":"https:\/\/www.indarsoziala.eus\/index.php?rest_route=\/wp\/v2\/posts\/200","targetHints":{"allow":["GET"]}}],"collection":[{"href":"https:\/\/www.indarsoziala.eus\/index.php?rest_route=\/wp\/v2\/posts"}],"about":[{"href":"https:\/\/www.indarsoziala.eus\/index.php?rest_route=\/wp\/v2\/types\/post"}],"author":[{"embeddable":true,"href":"https:\/\/www.indarsoziala.eus\/index.php?rest_route=\/wp\/v2\/users\/1"}],"replies":[{"embeddable":true,"href":"https:\/\/www.indarsoziala.eus\/index.php?rest_route=%2Fwp%2Fv2%2Fcomments&post=200"}],"version-history":[{"count":2,"href":"https:\/\/www.indarsoziala.eus\/index.php?rest_route=\/wp\/v2\/posts\/200\/revisions"}],"predecessor-version":[{"id":203,"href":"https:\/\/www.indarsoziala.eus\/index.php?rest_route=\/wp\/v2\/posts\/200\/revisions\/203"}],"wp:attachment":[{"href":"https:\/\/www.indarsoziala.eus\/index.php?rest_route=%2Fwp%2Fv2%2Fmedia&parent=200"}],"wp:term":[{"taxonomy":"category","embeddable":true,"href":"https:\/\/www.indarsoziala.eus\/index.php?rest_route=%2Fwp%2Fv2%2Fcategories&post=200"},{"taxonomy":"post_tag","embeddable":true,"href":"https:\/\/www.indarsoziala.eus\/index.php?rest_route=%2Fwp%2Fv2%2Ftags&post=200"}],"curies":[{"name":"wp","href":"https:\/\/api.w.org\/{rel}","templated":true}]}}