{"id":206,"date":"2025-12-29T09:28:34","date_gmt":"2025-12-29T09:28:34","guid":{"rendered":"https:\/\/www.indarsoziala.eus\/?p=206"},"modified":"2025-12-29T09:38:03","modified_gmt":"2025-12-29T09:38:03","slug":"los-que-encendieron-el-fuego","status":"publish","type":"post","link":"https:\/\/www.indarsoziala.eus\/?p=206","title":{"rendered":"Los que encendieron el fuego"},"content":{"rendered":"\n<p>          Todas las guerras, habidas y por haber, suelen tener una motivaci\u00f3n com\u00fan: el territorio. Los pueblos no admiten que les conquisten, ni que les partan, ni que separen sus tribus y sus lenguas, sedimentadas durante milenios. La obsesi\u00f3n colonialista de debilitar a las naciones partiendo sus mugas con regla y cartab\u00f3n, ha sido y es el manantial de los conflictos. Alsacia y Lorena provocaron guerras mundiales; el puzzle de los Balcanes sigue sangrando; el Ulster, tan cercano\u2026 Hoy d\u00eda, Palestina, Dombass o el Sahara nos recuerdan que con la tierra no se juega. Y todos los d\u00edas maldecimos a los canallas que provocan estas guerras, negando a los pueblos el derecho a decidir sobre su propia cartograf\u00eda.<\/p>\n\n\n\n<p>&nbsp;&nbsp;&nbsp;&nbsp;&nbsp;&nbsp;&nbsp;&nbsp;&nbsp; Si a inicios de los 70 alguien hubiera dicho que Navarra no formaba parte del Pa\u00eds Vasco, hubiera sido tratado de tonto. Por encima de las diferencias administrativas, toda la tradici\u00f3n hist\u00f3rica lo confirmaba. \u201cEuskal Herria, -dice el Espasa Calpe- es el territorio que comprende las provincias espa\u00f1olas de Navarra, \u00c1lava, Guip\u00fazcoa y Vizcaya y los antiguos pa\u00edses de Labourd, la Soule y la Baja Navarra\u201d. Toda la prensa navarra reconoc\u00eda esa territorialidad. Hasta el <em>Diario de Navarra<\/em>, ten\u00eda secciones como \u201cEuskalerrian barna\u201d, y su director, Ollarra, afirmaba en 1982 que \u201cEuskalerria es una realidad\u201d.<\/p>\n\n\n\n<p>&nbsp;&nbsp;&nbsp;&nbsp;&nbsp;&nbsp;&nbsp;&nbsp;&nbsp; La banca navarra apostaba p\u00fablicamente por la unidad vasconavarra, desde que en 1867 la propia Diputaci\u00f3n Foral propusiera a sus tres hermanas hacer un banco com\u00fan. Desde 1924 funcionaba la Federaci\u00f3n Vasco-Navarra de Cajas de Ahorro, y hasta los a\u00f1os 80 sosten\u00edan la revista <em>Vida Vasca<\/em>, en la que se anunciaban todas las grandes empresas navarras. En 1978 ya aparec\u00edan ikurri\u00f1as en sus p\u00e1ginas y la CAN segu\u00eda poniendo su publicidad. La Caja de Ahorros Municipal edit\u00f3 para sus clientes un mapa de Euskal Herria; en 1973, el Banco de Vasconia edit\u00f3 otro, presente en todas sus sucursales. El \u00c1rbol de Gernika, el escudo de Navarra y las siete monta\u00f1as del Zazpiak bat presid\u00edan la cartela, con la carga simb\u00f3lica en los tiempos que corr\u00edan.<\/p>\n\n\n\n<p>En los a\u00f1os 70, todo eran asociaciones vasco-navarras: de Arboricultura, Arquitectos, Enfermer\u00eda, Genealog\u00eda, Guionistas, Hematolog\u00eda y Hemoterapia, Salud Mental, M\u00fasicos, Pediatr\u00eda, Seguros, Automovilismo, \u00f3rdenes religiosas y muchas m\u00e1s, siguiendo la tradici\u00f3n unionista del sigo XIX. Los obispos vascos hac\u00edan pastorales conjuntas y consiguieron que la Conferencia Episcopal espa\u00f1ola aprobara la \u201cProvincia Eclesi\u00e1stica Vasca de Pamplona y Tudela, acogiendo en su seno las di\u00f3cesis de Bilbao, San Sebasti\u00e1n y Vitoria\u201d. Miles de sacerdores y comunidades de base respaldaban la petici\u00f3n. En los a\u00f1os 70, todos los sindicatos navarros pon\u00edan ikurri\u00f1as en sus sedes y se apellidaban \u201cde Euskadi\u201d. UGT, con Urralburu al frente, defend\u00eda el derecho de autodeterminaci\u00f3n. Lo mismo ocurr\u00eda con todos los partidos pol\u00edticos no franquistas. Nada m\u00e1s legalizarse la ikurri\u00f1a, los ayuntamientos, a\u00fan \u201cfranquistas\u201d, comenzaron a colocarla en las casas consistoriales, comenzando por Iru\u00f1ea. Pueblos de la Zona Media y Ribera la izaron con naturalidad: Falces, Villafranca, Larraga, Tafalla, Arr\u00f3niz, Aibar&#8230; En Agoitz y Villaba-Atarrabia, convocaron refer\u00e9ndums que se ganaron con holgura.<\/p>\n\n\n\n<p>&nbsp;&nbsp;&nbsp;&nbsp;&nbsp;&nbsp;&nbsp;&nbsp;&nbsp; En 1977 se celebraron las primeras elecciones, y el triunfo de los que ven\u00edan defendiendo la unidad de Euskal Herria fue rotundo: 150.000 votos frente a 107.000. Todos los partidos ganadores solicitaron incluir a Navarra en el Distrito Universitario vasco. Hasta el Frente Navarro Independiente, impulsado por sonoros apellidos (Irazoqui, Taberna, Valima\u00f1a, Zubiaur, Arbeloa, Tom\u00e1s Caballero, Mal\u00f3n, Urmeneta\u2026), dec\u00eda que \u201ccomo navarros, tronco y ra\u00edz de Euskalerr\u00eda, queremos vivir en s\u00f3lida vinculaci\u00f3n con el resto del Pa\u00eds Vasco\u201d. En 1979, en las elecciones al Parlamento Navarro, volvieron a ser mayor\u00eda los partidarios de la unidad vasca (37-33).<\/p>\n\n\n\n<p>&nbsp;&nbsp;&nbsp;&nbsp;&nbsp;&nbsp;&nbsp;&nbsp;&nbsp; &nbsp;Desde la sentina del Estado profundo, mandaron a parar. El 23 de febrero de 1981, Tejero da el golpe de estado. Apenas un mes m\u00e1s tarde, el PSOE navarro celebra su Congreso Regional y cambia totalmente su centenaria postura pro-unidad vasca, alegando que en los a\u00f1os republicanos el partido no hab\u00eda sido partidario de un estatuto vasco com\u00fan. Una mentira colosal, basta leer, entre otros, el comunicado del Frente Popular Navarro firmado en 1936. El PSOE se me\u00f3 encima de las tumbas de Constantino Salinas, Juan Arrastia, Jos\u00e9 San Mart\u00edn, Clemente Ruiz, Jes\u00fas Boneta y miles de socialistas fusilados. Una cuadrilla de felones y corruptos, encabezados por Urralburu y Arbeloa, tergiversaron la historia y ah\u00ed est\u00e1n las actas del Congreso, que afortunadamente tenemos, para demostrarlo.<\/p>\n\n\n\n<p>&nbsp;&nbsp;&nbsp;&nbsp;&nbsp;&nbsp;&nbsp;&nbsp;&nbsp; Telesforo Monz\u00f3n advirti\u00f3 que Navarra era el principal foco de la violencia estatal. Hasta el dirigente Mario Onaindia, desde <em>El Pa\u00eds<\/em>, calific\u00f3 de \u201cirresponsable\u201d y de \u201cgraves consecuencias\u201d la pol\u00edtica de su partido, postura \u201csuicida\u201d que fomentaba \u201cla continuidad de la lucha armada y la desestabilizaci\u00f3n de la democracia\u201d.<\/p>\n\n\n\n<p><em>&nbsp;&nbsp;&nbsp;&nbsp;&nbsp;&nbsp;&nbsp;&nbsp;&nbsp; <\/em>A partir de entonces se dedicaron a desmontar lo que la historia hab\u00eda tejido durante siglos. Disolvieron las asociaciones vasconavarras y la Federaci\u00f3n de Cajas; paralizaron la unidad eclesi\u00e1stica; persiguieron la ikurri\u00f1a y los mapas; impusieron la Ley del Euskera; los navarros dejaron de ser vascos y los vascones desaparecieron hasta de la arqueolog\u00eda. Y por encima de todo, negaron al pueblo navarro la posibilidad de votar, siendo una comunidad que no refrend\u00f3 su Estatuto, como Ceuta y Melilla, dejando clara nuestra situaci\u00f3n colonial.<\/p>\n\n\n\n<p>&nbsp;&nbsp;&nbsp;&nbsp;&nbsp;&nbsp;&nbsp;&nbsp;&nbsp; Solo por la imposici\u00f3n militar y por la canallada criminal del PSOE, se comprende la prolongaci\u00f3n de la lucha armada durante 30 a\u00f1os m\u00e1s. Nunca hubo m\u00e1s navarros militando en ETA, y en todos los procesos negociadores hubo dos puntos claves sobre la mesa: el derecho a decidir y la unidad vasconavarra, puntos que, aunque no se compartieran los m\u00e9todos, los respaldaba la mayor\u00eda de la sociedad vasca.<\/p>\n\n\n\n<p>&nbsp;&nbsp;&nbsp;&nbsp;&nbsp;&nbsp;&nbsp;&nbsp;&nbsp; El Estado colonialista espa\u00f1ol, con un rey corrupto al frente, combati\u00f3 brutalmente la insurgencia vasca, con toda su violencia militar y medi\u00e1tica. Las torturas y el terrorismo de Estado incitaron todav\u00eda m\u00e1s la rebeli\u00f3n de muchos j\u00f3venes vascos. Partir un pa\u00eds, negarle a decidir su destino, tiene sus consecuencias, aqu\u00ed y en cualquier parte del mundo. Todav\u00eda pod\u00eda haberse armado una mucho mayor. Que no vengan ahora a acusarnos de pir\u00f3manos los que encendieron el fuego.<\/p>\n\n\n\n<p>Autor <em>Jose Mari Esparza Zabalegi<\/em><\/p>\n","protected":false},"excerpt":{"rendered":"<p>Todas las guerras, habidas y por haber, suelen tener una motivaci\u00f3n com\u00fan: el territorio. Los pueblos no admiten que les conquisten, ni que les partan, ni que separen sus tribus [&hellip;]<\/p>\n","protected":false},"author":1,"featured_media":0,"comment_status":"closed","ping_status":"closed","sticky":false,"template":"","format":"standard","meta":{"footnotes":""},"categories":[42],"tags":[],"class_list":["post-206","post","type-post","status-publish","format-standard","hentry","category-opinion"],"_links":{"self":[{"href":"https:\/\/www.indarsoziala.eus\/index.php?rest_route=\/wp\/v2\/posts\/206","targetHints":{"allow":["GET"]}}],"collection":[{"href":"https:\/\/www.indarsoziala.eus\/index.php?rest_route=\/wp\/v2\/posts"}],"about":[{"href":"https:\/\/www.indarsoziala.eus\/index.php?rest_route=\/wp\/v2\/types\/post"}],"author":[{"embeddable":true,"href":"https:\/\/www.indarsoziala.eus\/index.php?rest_route=\/wp\/v2\/users\/1"}],"replies":[{"embeddable":true,"href":"https:\/\/www.indarsoziala.eus\/index.php?rest_route=%2Fwp%2Fv2%2Fcomments&post=206"}],"version-history":[{"count":3,"href":"https:\/\/www.indarsoziala.eus\/index.php?rest_route=\/wp\/v2\/posts\/206\/revisions"}],"predecessor-version":[{"id":213,"href":"https:\/\/www.indarsoziala.eus\/index.php?rest_route=\/wp\/v2\/posts\/206\/revisions\/213"}],"wp:attachment":[{"href":"https:\/\/www.indarsoziala.eus\/index.php?rest_route=%2Fwp%2Fv2%2Fmedia&parent=206"}],"wp:term":[{"taxonomy":"category","embeddable":true,"href":"https:\/\/www.indarsoziala.eus\/index.php?rest_route=%2Fwp%2Fv2%2Fcategories&post=206"},{"taxonomy":"post_tag","embeddable":true,"href":"https:\/\/www.indarsoziala.eus\/index.php?rest_route=%2Fwp%2Fv2%2Ftags&post=206"}],"curies":[{"name":"wp","href":"https:\/\/api.w.org\/{rel}","templated":true}]}}