{"id":272,"date":"2026-09-05T11:04:06","date_gmt":"2026-09-05T11:04:06","guid":{"rendered":"https:\/\/www.indarsoziala.eus\/?p=272"},"modified":"2026-09-05T11:04:07","modified_gmt":"2026-09-05T11:04:07","slug":"la-construccion-nacional-como-restitucion-soberana","status":"publish","type":"post","link":"https:\/\/www.indarsoziala.eus\/?p=272","title":{"rendered":"LA CONSTRUCCI\u00d3N NACIONAL COMO RESTITUCI\u00d3N SOBERANA"},"content":{"rendered":"\n<p class=\"wp-block-paragraph\">No tenemos ninguna duda de que el futuro de nuestra naci\u00f3n vasconavarra se juega en las condiciones de vida de quienes la componen. El mapa socio-pol\u00edtico de los estados franco-espa\u00f1oles ha entrado en crisis, se desfiguran a marchas forzadas. A su vez, la crisis econ\u00f3mica arrastra al modelo estructural territorial centralista franc\u00e9s y al del estado auton\u00f3mico espa\u00f1ol. Ambos acontecimientos exigen respuestas valientes desde nuestro propio territorio. Ya no basta con emitir respuestas de Contra-poder sino construir el Doble-poder que nos facilite el camino de la des-conexi\u00f3n del imperio para salvar a nuestra peque\u00f1a Rep\u00fablica. En este sentido, los trabajadores y trabajadoras vasconavarras no podemos seguir siendo rehenes de decisiones tomadas a cientos de kil\u00f3metros en contra de su voluntad mayoritaria, as\u00ed para nosotros y nosotras la denominada Construcci\u00f3n Nacional no es una opci\u00f3n sino una necesidad para la supervivencia de nuestro Pueblo en los a\u00f1os venideros. La Construcci\u00f3n Nacional debe ser el motor que nos lleve a un marco Restitutivo para la consecuci\u00f3n del Estado Navarro, en definitiva de nuestra Rep\u00fablica. Un Estado que no puede sustentarse en una abstracci\u00f3n identitaria, sino un proyecto material que se levanta desde lo m\u00e1s profundo del sentir de la clase trabajadora vasconavarra como <strong>Comunidad<\/strong> leg\u00edtima para llegar a la soberan\u00eda nacional y social. Expresamos por tanto y claramente, que la soberan\u00eda nacional y la soberan\u00eda social se necesitan mutuamente.<\/p>\n\n\n\n<p class=\"wp-block-paragraph\"><strong>\u00bfY si desde Indar Soziala decimos que la clave de nuestra libertad ya no reside en las viejas y decadentes instituciones actuales sino en las infraestructuras econ\u00f3micas y alianzas internacionales que est\u00e1n por venir?<\/strong><\/p>\n\n\n\n<p class=\"wp-block-paragraph\">En la Globalizaci\u00f3n capitalista actual, la soberan\u00eda del siglo XXI no s\u00f3lo se redacta y reside en las aparentemente constituciones obsoletas. El Estado moderno ha delegado desde hace tiempo el poder real en las Corporaciones transnacionales que gestionan nuestra infraestructura cr\u00edtica, convirtiendo a los distintos gobiernos en meros administradores de la impotencia. Frente a esta nefasta situaci\u00f3n, nuestra L\u00ednea Pol\u00edtica sit\u00faa a los trabajadores vasconavarros ante la tarea revolucionaria m\u00e1s importante: <strong>iniciar<\/strong> <strong>la des-conexi\u00f3n material de los centros de poder olig\u00e1rquicos<\/strong>.<\/p>\n\n\n\n<p class=\"wp-block-paragraph\">La des-conexi\u00f3n implica caminar hacia un proceso pol\u00edtico e hist\u00f3rico mediante el cual nuestro territorio <strong>rompe sus v\u00ednculos de subordinaci\u00f3n con las Corporaciones y sus instrumentos de dominio como son los estados franco-espa\u00f1oles.<\/strong> El proceso pol\u00edtico del que hablamos es la Restituci\u00f3n, Restituci\u00f3n de nuestra soberan\u00eda que pasa por levantar una infraestructura socio-econ\u00f3mica estrat\u00e9gica propia, moderna, basada en lo p\u00fablico, capaz de blindarnos el empleo, la energ\u00eda, la cultura y la vida de nuestra gente al margen de los marcos jur\u00eddicos que nos encadenan. Esta premisa transforma por completo el enfoque tradicional de la pol\u00edtica: <strong>el poder real<\/strong> ya no se disputa en los parlamentos o en los boletines oficiales, sino en el control de lo que sostiene la vida diaria de los trabajadores y trabajadoras (energ\u00eda, industria, telecomunicaciones, transporte y datos) donde la soberan\u00eda no se declara, sino que se construye materialmente.<\/p>\n\n\n\n<p class=\"wp-block-paragraph\">Esta L\u00ednea Pol\u00edtica redefine la liberaci\u00f3n nacional y social desde el control de la infraestructura del d\u00eda a d\u00eda. Dejamos de pedir permiso y pasamos a intervenir en los <strong>nodos estrat\u00e9gicos<\/strong> de nuestra econom\u00eda. La Restituci\u00f3n de la soberan\u00eda vasconavarra ser\u00e1 de base material y gestionada principalmente por sus trabajadores y trabajadoras o no ser\u00e1.\u00bb<\/p>\n\n\n\n<p class=\"wp-block-paragraph\"><strong>La situaci\u00f3n en el futuro de la existencia de los estados-naci\u00f3n y sus clases trabajadoras<\/strong><\/p>\n\n\n\n<p class=\"wp-block-paragraph\">El capitalismo corporativo occidental actual aunque ha entrado en una deriva de crisis progresiva, no triunfa a diario porque tenga un discurso convincente o emplee la represi\u00f3n de manera arbitraria, que tambi\u00e9n, sino que nos puede introducir en callejones sin salida por varios motivos:<\/p>\n\n\n\n<p class=\"wp-block-paragraph\"><strong>1. En t\u00e9rminos nacionales<\/strong> aunque la coyuntura para los estados-naci\u00f3n sigue siendo muy dif\u00edcil por el control de las corporaciones, se observan cambios marcados por lo que muchos analistas denominan <strong>\u00abera de inestabilidad sist\u00e9mica\u00bb<\/strong>. La soberan\u00eda tradicional se enfrenta en estos momentos a desaf\u00edos que ya no son s\u00f3lo socio-pol\u00edticos sino que por supuesto son tambi\u00e9n y principalmente econ\u00f3micos. Hay un acelerado cambio de paradigma tecnol\u00f3gico que necesita implementarse forzadamente y esto genera una re-definici\u00f3n del Estado en sentido autoritario, un \u00abEstado-Fortaleza\u00bb militarizado y controlado igualmente por las corporaciones constituidas a lo largo de m\u00e1s de una d\u00e9cada. <strong>Bajo nuestra perspectiva de organizaci\u00f3n soberanista y anticapitalista debemos tener siempre claro a qu\u00e9 nos enfrentamos y cu\u00e1l es la posici\u00f3n que debemos ocupar frente a lo que se intenta imponer.<\/strong><\/p>\n\n\n\n<p class=\"wp-block-paragraph\"><strong>2. En t\u00e9rminos de clase<\/strong>, los asalariados y asalariadas vasconavarras tenemos un presente angustioso, somos m\u00e1s heterog\u00e9neos y globalizados, expuestos a los cambios no s\u00f3lo econ\u00f3micos sino que tambi\u00e9n por ende a los culturales, cambios sustentados en el aumento vertiginoso del ej\u00e9rcito de reserva con mano de obra artificialmente barata, en la introducci\u00f3n de las cajas negras del wokismo <strong>y<\/strong> con la capacidad tecnol\u00f3gica de someternos a una <strong>vigilancia constante y en muchos casos deseada con la creaci\u00f3n de inseguridad por ejemplo.<\/strong><\/p>\n\n\n\n<p class=\"wp-block-paragraph\">Todo esto provoca inevitablemente transformaciones en la fisonom\u00eda del trabajador y de la trabajadora tradicional que camina sin percatarse hacia un <strong>capitalismo corporativo cognitivo y de plataforma,<\/strong> <strong><\/strong><strong>donde m<\/strong>illones caen bajo la presi\u00f3n de una \u00abgesti\u00f3n de empleos por horas, por encargo, con paros intermitentes y donde el concepto de \u201ccontrato fijo discontinuo\u201d se ha convertido en una fatal realidad. <strong>Por tanto, la<\/strong> <strong>precariedad y la flexibilizaci\u00f3n del mundo laboral ya no es un hecho anecd\u00f3tico ni mucho menos accidental sino una pieza central del modelo capitalista corporativo<\/strong> pujante que necesita de un estado autoritario para, como hemos comentado, realizar los reajustes operativos que se requieren.<\/p>\n\n\n\n<p class=\"wp-block-paragraph\"><strong>\u00bfPero\u2026 hay esperanza?, \u00bfse ha abierto una nueva ventana de oportunidad para la Ruptura?<\/strong><\/p>\n\n\n\n<p class=\"wp-block-paragraph\">Sin duda, el desarrollo de los BRICS y del mundo emergente puede suponer la re-apertura de una ventana de oportunidad para dar de nuevo cabida a la recuperaci\u00f3n del camino hacia la Restituci\u00f3n soberana. La Guerra en Ucrania principalmente y la m\u00e1s que previsible derrota de la OTAN en ella, as\u00ed como la resistencia de Ir\u00e1n, son dos puntos de inflexi\u00f3n hacia ese cambio en la coyuntura mundial que ha sacado a la palestra la crisis econ\u00f3mico-pol\u00edtica occidental que se va a agudizar en los tiempos venideros.<\/p>\n\n\n\n<p class=\"wp-block-paragraph\">El Occidente combinado camina hacia escenarios que posibilitan las condiciones para la aparici\u00f3n de \u201ce<strong>stados disfuncionales\u201d, colapsados administrativamente o en donde puedan emerger espacios con vac\u00edo de poder llenados con otras expresiones de control social y explotaci\u00f3n criminal.<\/strong> En resumen, las estructuras de los Estados occidentales pueden caer en escenarios ca\u00f3ticos.<\/p>\n\n\n\n<p class=\"wp-block-paragraph\">Ante este panorama nuestra apuesta es hacer viable la existencia de nuestra naci\u00f3nRestituyendo la soberan\u00eda y donde la clase trabajadora sea la principal protagonista del proceso. No es un asunto f\u00e1cil de tratar ya que aunque en t\u00e9rminos <strong>econ\u00f3micos y sociales pueda ser factible pol\u00edticamente puede ser muy dif\u00edcil,<\/strong> <strong><\/strong><strong>al menos<\/strong> a corto y medio plazo, m\u00e1xime sin tener adem\u00e1s una vertebraci\u00f3n territorial y social consolidada.<\/p>\n\n\n\n<p class=\"wp-block-paragraph\"><strong>Un Movimiento para la Restituci\u00f3n<\/strong><\/p>\n\n\n\n<p class=\"wp-block-paragraph\">Y mientras llega la ventana de oportunidad\u2026\u00bfQu\u00e9 hacer? Nuestra respuesta a esta pregunta es tan clara como nuestro objetivo: desarrollar un <strong>Movimiento<\/strong> <strong>para la Restituci\u00f3n<\/strong> que encare una progresiva <strong>Construcci\u00f3n Nacional<\/strong> para que el <strong>Estado Navarro<\/strong> en forma deRep\u00fablicase convierta en una realidad. La Construcci\u00f3n Nacional debe <strong>construir una realidad paralela que acabe por sustituir a los estados y corporaciones que nos tienen bajo su dominio<\/strong>, esto es, vaciar de poder a las fuerzas hispano-francesas y corporativas en nuestro territorio y finalmente ser due\u00f1os de nuestro propio futuro.<\/p>\n\n\n\n<p class=\"wp-block-paragraph\"><strong>Pros y contras actuales ante nuestro objetivo de la Restituci\u00f3n soberana de un Estado Navarro<\/strong><\/p>\n\n\n\n<ul class=\"wp-block-list\">\n<li><strong>De entre los aspectos positivos destacaremos:<\/strong><\/li>\n<\/ul>\n\n\n\n<p class=\"wp-block-paragraph\">&#8211; Debilitamiento de la UE y de la OTAN as\u00ed como sus estructuras parasitarias.<br>&#8211; Desarrollo de los BRICS y cuestionamiento del neoliberalismo corporativo.<br>&#8211; Recuperaci\u00f3n del papel del estado-naci\u00f3n.<br>&#8211; Existencia de un gran grupo humano favorable a la soberan\u00eda de nuestro pueblo a ambos lado de la muga<br>&#8211; Existencia de clases trabajadoras y sectores populares vasconavarros con capacidad movilizadora.<br>&#8211; Posibilidad de superar la divisi\u00f3n territorial institucional y sociol\u00f3gica de nuestro Pa\u00eds.<\/p>\n\n\n\n<ul class=\"wp-block-list\">\n<li><strong>Entre los aspectos negativos mencionaremos los siguientes:<\/strong><\/li>\n<\/ul>\n\n\n\n<p class=\"wp-block-paragraph\">&#8211; Derechizaci\u00f3n socio-pol\u00edtica acelerada de los Estados espa\u00f1ol y franc\u00e9s en particular y de Europa en general.<br>&#8211; Autoritarismo y represi\u00f3n de cualquier formaci\u00f3n pol\u00edtica soberanista tanto a un lado como al otro de la muga.<br>&#8211; Rearme europeo.<br>&#8211; Mantenimiento del dominio de las Corporaciones occidentales debido a nuestra situaci\u00f3n geopol\u00edtica.<br>&#8211; Desmantelamiento industrial y del \u201cestado del bienestar\u201d.<br>&#8211; Fragmentaci\u00f3n social, de clase, wokismo que potencia los enfrentamientos civiles \u00e9tnico-culturales y religiosos.<\/p>\n\n\n\n<p class=\"wp-block-paragraph\"><strong>Propuesta de L\u00ednea Pol\u00edtica pr\u00e1ctica<\/strong><\/p>\n\n\n\n<p class=\"wp-block-paragraph\">Para articular una propuesta pol\u00edtica de Restituci\u00f3n soberana en un marco internacional multipolar, <strong>Indar Soziala<\/strong> propone un enfoque que debe superar la dicotom\u00eda entre lo local y lo global, dirigiendo su mirada a una <strong>soberan\u00eda radical pero que<\/strong> que no sea de aislamiento, sino de capacidad de decisi\u00f3n sobre la vida material. Un desarrollo material dominado por lo P\u00fablico en un sentido amplio. As\u00ed proponemos:<\/p>\n\n\n\n<p class=\"wp-block-paragraph\"><strong>1. Unidad territorial<\/strong><\/p>\n\n\n\n<ul class=\"wp-block-list\">\n<li>Unidad territorial vasconavarra no s\u00f3lo como una reivindicaci\u00f3n identitaria hist\u00f3rica. La conformaci\u00f3n de la unidad vasconavarra crear\u00eda un bloque significativamente <strong>con mayor peso en todos los \u00e1mbitos.<\/strong><\/li>\n\n\n\n<li>Construcci\u00f3n del espacio com\u00fan vasconavarro bajo la l\u00f3gica del <strong>\u00abNafar Hiria\u00bb,<\/strong> <strong>es decir, se propone que el valor de un pa\u00eds no reside s\u00f3lo en tener una capital central sino que est\u00e1 basado en la<\/strong> <strong>c<\/strong><strong>onexi\u00f3n y equilibrio entre sus nodos (ciudades, pueblos y zonas rurales)<\/strong><\/li>\n<\/ul>\n\n\n\n<p class=\"wp-block-paragraph\"><strong>2. Soberan\u00eda energ\u00e9tica,<\/strong> <strong>productiva y bancaria<\/strong><\/p>\n\n\n\n<p class=\"wp-block-paragraph\">Ante un mundo de cadenas de suministro fr\u00e1giles y guerras energ\u00e9ticas debemos de dejar de ser un mero regulador para ser un <strong>actor econ\u00f3mico directo.<\/strong> <strong>En este sentido tambi\u00e9n, la<\/strong> <strong><\/strong><strong>econom\u00eda productiva con participaci\u00f3n p\u00fablica debe generar un estado social protector y que pueda afrontar los avatares de las situaciones internacionales. As\u00ed pues proponemos:<\/strong><\/p>\n\n\n\n<ul class=\"wp-block-list\">\n<li><strong>C<\/strong>ontrol p\u00fablico o amplia participaci\u00f3n p\u00fablica en sectores estrat\u00e9gicos energ\u00e9ticos vasconavarros.<\/li>\n\n\n\n<li>Creaci\u00f3n de una banca p\u00fablica vasconavarra.<\/li>\n\n\n\n<li>Re-industrializaci\u00f3n de proximidad: Fomento de polos agro-industriales vinculados al territorio que reduzcan la dependencia de componentes externos (soberan\u00eda en chips, maquinaria b\u00e1sica, cultivos&#8230;).<\/li>\n\n\n\n<li>Potenciaci\u00f3n y desarrollo de sectores tecnol\u00f3gicos avanzados.<\/li>\n\n\n\n<li>Potenciaci\u00f3n de la Automatizaci\u00f3n productiva.<\/li>\n\n\n\n<li>Hacienda \u00danica con la consiguiente armonizaci\u00f3n fiscal para evitar la competencia entre territorios.<\/li>\n<\/ul>\n\n\n\n<p class=\"wp-block-paragraph\"><strong>3. Econom\u00eda del Cuidado y protecci\u00f3n del Salario<\/strong><\/p>\n\n\n\n<ul class=\"wp-block-list\">\n<li>Salario de Vida indexado: Actualizaci\u00f3n autom\u00e1tica de salarios al IPC.<\/li>\n\n\n\n<li>Blindaje de la vivienda como infraestructura soberana llegando a la expropiaci\u00f3n de fondos buitre.<\/li>\n\n\n\n<li>Reducci\u00f3n de jornada acorde con el aumento de la productividad.<\/li>\n\n\n\n<li>Marco Vasconavarro de Relaciones Laborales.<\/li>\n\n\n\n<li>Sistema de Protecci\u00f3n Propio como las pensiones y defensa a ultranza del Estado del Bienestar.<\/li>\n\n\n\n<li>Potenciaci\u00f3n del sindicalismo vasconavarro<\/li>\n<\/ul>\n\n\n\n<p class=\"wp-block-paragraph\"><strong>4. Soberan\u00eda digital<\/strong> <strong>y cultural<\/strong><\/p>\n\n\n\n<ul class=\"wp-block-list\">\n<li>Nube y Algoritmos P\u00fablicos para la gesti\u00f3n administrativa y educativa, escapando del control de las corporaciones tecnol\u00f3gicas.<\/li>\n\n\n\n<li>Potenciaci\u00f3n del euskera y la cultura vasconavarra.<\/li>\n\n\n\n<li>Apoyo completo para la construcci\u00f3n de una sociedad y educaci\u00f3n laicas.<\/li>\n<\/ul>\n\n\n\n<p class=\"wp-block-paragraph\"><strong>5. Nuevo Internacionalismo: El \u00abDoble Poder\u00bb exterior<\/strong><\/p>\n\n\n\n<p class=\"wp-block-paragraph\">En lugar de alianzas con bloques cerrados, b\u00fasqueda del Doble-Poder en el exterior que no cercenen nuestra capacidad de decisi\u00f3n y desarrollo.<\/p>\n\n\n\n<ul class=\"wp-block-list\">\n<li>Crear ejes de Cooperaci\u00f3n socio-econ\u00f3mica con el mundo emergente y los BRICS.<\/li>\n\n\n\n<li>Rechazo frontal y total a la OTAN y al imperialismo.<\/li>\n<\/ul>\n\n\n\n<p class=\"wp-block-paragraph\"><\/p>\n","protected":false},"excerpt":{"rendered":"<p>No tenemos ninguna duda de que el futuro de nuestra naci\u00f3n vasconavarra se juega en las condiciones de vida de quienes la componen. El mapa socio-pol\u00edtico de los estados franco-espa\u00f1oles [&hellip;]<\/p>\n","protected":false},"author":1,"featured_media":0,"comment_status":"closed","ping_status":"closed","sticky":false,"template":"","format":"standard","meta":{"footnotes":""},"categories":[53],"tags":[],"class_list":["post-272","post","type-post","status-publish","format-standard","hentry","category-linea-politica"],"_links":{"self":[{"href":"https:\/\/www.indarsoziala.eus\/index.php?rest_route=\/wp\/v2\/posts\/272","targetHints":{"allow":["GET"]}}],"collection":[{"href":"https:\/\/www.indarsoziala.eus\/index.php?rest_route=\/wp\/v2\/posts"}],"about":[{"href":"https:\/\/www.indarsoziala.eus\/index.php?rest_route=\/wp\/v2\/types\/post"}],"author":[{"embeddable":true,"href":"https:\/\/www.indarsoziala.eus\/index.php?rest_route=\/wp\/v2\/users\/1"}],"replies":[{"embeddable":true,"href":"https:\/\/www.indarsoziala.eus\/index.php?rest_route=%2Fwp%2Fv2%2Fcomments&post=272"}],"version-history":[{"count":1,"href":"https:\/\/www.indarsoziala.eus\/index.php?rest_route=\/wp\/v2\/posts\/272\/revisions"}],"predecessor-version":[{"id":273,"href":"https:\/\/www.indarsoziala.eus\/index.php?rest_route=\/wp\/v2\/posts\/272\/revisions\/273"}],"wp:attachment":[{"href":"https:\/\/www.indarsoziala.eus\/index.php?rest_route=%2Fwp%2Fv2%2Fmedia&parent=272"}],"wp:term":[{"taxonomy":"category","embeddable":true,"href":"https:\/\/www.indarsoziala.eus\/index.php?rest_route=%2Fwp%2Fv2%2Fcategories&post=272"},{"taxonomy":"post_tag","embeddable":true,"href":"https:\/\/www.indarsoziala.eus\/index.php?rest_route=%2Fwp%2Fv2%2Ftags&post=272"}],"curies":[{"name":"wp","href":"https:\/\/api.w.org\/{rel}","templated":true}]}}